{"id":787,"date":"2023-05-30T19:52:40","date_gmt":"2023-05-30T19:52:40","guid":{"rendered":"https:\/\/energiasrenovables.utn.edu.ec\/?p=787"},"modified":"2023-05-30T19:52:43","modified_gmt":"2023-05-30T19:52:43","slug":"visita-a-la-granja-experimental-la-pradera","status":"publish","type":"post","link":"https:\/\/energiasrenovables.utn.edu.ec\/?p=787","title":{"rendered":"visita a la Granja Experimental La Pradera"},"content":{"rendered":"<p align=\"justify\">Los estudiantes de la asignatura de Cartograf\u00eda y Sistemas de Informaci\u00f3n Geogr\u00e1fica de la Carrera de Energ\u00edas Renovables realizaron una visita a la Granja Experimental La Pradera, con el objetivo de realizar una pr\u00e1ctica relacionada con el manejo de sistemas de posicionamiento global (GPS) y conocer las diferentes \u00e1reas de la granja con potencial de generaci\u00f3n de energ\u00edas renovables.<\/p>\n","protected":false},"excerpt":{"rendered":"<p>Los estudiantes de la asignatura de Cartograf\u00eda y Sistemas de Informaci\u00f3n Geogr\u00e1fica de la Carrera de Energ\u00edas Renovables realizaron una visita a la Granja Experimental La Pradera, con el objetivo de realizar una pr\u00e1ctica relacionada con el manejo de sistemas <a href=\"https:\/\/energiasrenovables.utn.edu.ec\/?p=787\" class=\"read-more\">Leer M\u00e1s [+] &#8230;<\/a><\/p>\n","protected":false},"author":2,"featured_media":788,"comment_status":"closed","ping_status":"closed","sticky":false,"template":"","format":"standard","meta":{"footnotes":""},"categories":[18,6,19,20,5],"tags":[],"class_list":["post-787","post","type-post","status-publish","format-standard","has-post-thumbnail","hentry","category-cartografia-y-sistemas-de-informacion-geografica","category-estudiantes","category-granja-experimental-la-pradera","category-manejo-de-sistemas-de-posicionamiento-global-gps","category-mi-carrera"],"_links":{"self":[{"href":"https:\/\/energiasrenovables.utn.edu.ec\/index.php?rest_route=\/wp\/v2\/posts\/787","targetHints":{"allow":["GET"]}}],"collection":[{"href":"https:\/\/energiasrenovables.utn.edu.ec\/index.php?rest_route=\/wp\/v2\/posts"}],"about":[{"href":"https:\/\/energiasrenovables.utn.edu.ec\/index.php?rest_route=\/wp\/v2\/types\/post"}],"author":[{"embeddable":true,"href":"https:\/\/energiasrenovables.utn.edu.ec\/index.php?rest_route=\/wp\/v2\/users\/2"}],"replies":[{"embeddable":true,"href":"https:\/\/energiasrenovables.utn.edu.ec\/index.php?rest_route=%2Fwp%2Fv2%2Fcomments&post=787"}],"version-history":[{"count":1,"href":"https:\/\/energiasrenovables.utn.edu.ec\/index.php?rest_route=\/wp\/v2\/posts\/787\/revisions"}],"predecessor-version":[{"id":789,"href":"https:\/\/energiasrenovables.utn.edu.ec\/index.php?rest_route=\/wp\/v2\/posts\/787\/revisions\/789"}],"wp:featuredmedia":[{"embeddable":true,"href":"https:\/\/energiasrenovables.utn.edu.ec\/index.php?rest_route=\/wp\/v2\/media\/788"}],"wp:attachment":[{"href":"https:\/\/energiasrenovables.utn.edu.ec\/index.php?rest_route=%2Fwp%2Fv2%2Fmedia&parent=787"}],"wp:term":[{"taxonomy":"category","embeddable":true,"href":"https:\/\/energiasrenovables.utn.edu.ec\/index.php?rest_route=%2Fwp%2Fv2%2Fcategories&post=787"},{"taxonomy":"post_tag","embeddable":true,"href":"https:\/\/energiasrenovables.utn.edu.ec\/index.php?rest_route=%2Fwp%2Fv2%2Ftags&post=787"}],"curies":[{"name":"wp","href":"https:\/\/api.w.org\/{rel}","templated":true}]}}