{"id":831,"date":"2024-05-21T16:36:30","date_gmt":"2024-05-21T16:36:30","guid":{"rendered":"https:\/\/energiasrenovables.utn.edu.ec\/?p=831"},"modified":"2024-05-21T16:36:30","modified_gmt":"2024-05-21T16:36:30","slug":"estudiante-vive-una-experiencia-intercultural-en-alemania","status":"publish","type":"post","link":"https:\/\/energiasrenovables.utn.edu.ec\/?p=831","title":{"rendered":"Estudiante  vive una experiencia intercultural en Alemania"},"content":{"rendered":"<p align=\"justify\">Aaron Chantera, destacado estudiante de la Carrera de Ingenier\u00eda en Energ\u00edas Renovables de la Universidad T\u00e9cnica del Norte (UTN), est\u00e1 viviendo una emocionante aventura acad\u00e9mica en tierras alemanas. Desde el 20 hasta el 22 de mayo de 2024, participa en la prestigiosa Escuela de Verano de la Universidad de Vechta, Alemania, gracias a su sobresaliente desempe\u00f1o acad\u00e9mico.<\/p>\n<p align=\"justify\">Durante su estancia en Vechta, se sumergir\u00e1 en un enriquecedor programa de movilidad estudiantil, explorando los avances m\u00e1s recientes en el campo de las energ\u00edas renovables y ampliando su perspectiva global.<\/p>\n<p align=\"justify\">Desde la FICAYA-UTN, nos sentimos orgullosos de contar con j\u00f3venes talentosos como Aaron, quienes representan el compromiso de nuestra instituci\u00f3n con la excelencia acad\u00e9mica y la formaci\u00f3n integral de profesionales comprometidos con un futuro sostenible.<\/p>\n<p>\u00a1Felicitamos a Aaron Chantera por este logro y le deseamos una experiencia enriquecedora y llena de aprendizajes en tierras alemanas!<\/p>\n","protected":false},"excerpt":{"rendered":"<p>Aaron Chantera, destacado estudiante de la Carrera de Ingenier\u00eda en Energ\u00edas Renovables de la Universidad T\u00e9cnica del Norte (UTN), est\u00e1 viviendo una emocionante aventura acad\u00e9mica en tierras alemanas. Desde el 20 hasta el 22 de mayo de 2024, participa en <a href=\"https:\/\/energiasrenovables.utn.edu.ec\/?p=831\" class=\"read-more\">Leer M\u00e1s [+] &#8230;<\/a><\/p>\n","protected":false},"author":2,"featured_media":832,"comment_status":"closed","ping_status":"closed","sticky":false,"template":"","format":"standard","meta":{"footnotes":""},"categories":[4,39,6,38,40],"tags":[41],"class_list":["post-831","post","type-post","status-publish","format-standard","has-post-thumbnail","hentry","category-actualidad_energias_renovables","category-alemania","category-estudiantes","category-movilidad-estudiantil","category-universidad-de-vechta","tag-universidad-de-vechta"],"_links":{"self":[{"href":"https:\/\/energiasrenovables.utn.edu.ec\/index.php?rest_route=\/wp\/v2\/posts\/831","targetHints":{"allow":["GET"]}}],"collection":[{"href":"https:\/\/energiasrenovables.utn.edu.ec\/index.php?rest_route=\/wp\/v2\/posts"}],"about":[{"href":"https:\/\/energiasrenovables.utn.edu.ec\/index.php?rest_route=\/wp\/v2\/types\/post"}],"author":[{"embeddable":true,"href":"https:\/\/energiasrenovables.utn.edu.ec\/index.php?rest_route=\/wp\/v2\/users\/2"}],"replies":[{"embeddable":true,"href":"https:\/\/energiasrenovables.utn.edu.ec\/index.php?rest_route=%2Fwp%2Fv2%2Fcomments&post=831"}],"version-history":[{"count":1,"href":"https:\/\/energiasrenovables.utn.edu.ec\/index.php?rest_route=\/wp\/v2\/posts\/831\/revisions"}],"predecessor-version":[{"id":833,"href":"https:\/\/energiasrenovables.utn.edu.ec\/index.php?rest_route=\/wp\/v2\/posts\/831\/revisions\/833"}],"wp:featuredmedia":[{"embeddable":true,"href":"https:\/\/energiasrenovables.utn.edu.ec\/index.php?rest_route=\/wp\/v2\/media\/832"}],"wp:attachment":[{"href":"https:\/\/energiasrenovables.utn.edu.ec\/index.php?rest_route=%2Fwp%2Fv2%2Fmedia&parent=831"}],"wp:term":[{"taxonomy":"category","embeddable":true,"href":"https:\/\/energiasrenovables.utn.edu.ec\/index.php?rest_route=%2Fwp%2Fv2%2Fcategories&post=831"},{"taxonomy":"post_tag","embeddable":true,"href":"https:\/\/energiasrenovables.utn.edu.ec\/index.php?rest_route=%2Fwp%2Fv2%2Ftags&post=831"}],"curies":[{"name":"wp","href":"https:\/\/api.w.org\/{rel}","templated":true}]}}